{"id":1321797,"date":"2024-09-06T15:14:07","date_gmt":"2024-09-06T13:14:07","guid":{"rendered":"https:\/\/www.podartis.com\/?post_type=news&#038;p=1321797"},"modified":"2024-09-06T18:44:52","modified_gmt":"2024-09-06T16:44:52","slug":"convegno-piede-diabetico-treviso","status":"publish","type":"news","link":"https:\/\/www.podartis.com\/en\/news\/convegno-piede-diabetico-treviso\/","title":{"rendered":"Prevenire e curare il piede diabetico"},"content":{"rendered":"\n<p><em>Il 28 settembre 2024, un convegno organizzato dalla USSL 2 Marca Trevigiana, con la consulenza scientifica di Podartis e la partecipazione di alcuni dei pi\u00f9 importanti specialisti italiani e internazionali, approfondir\u00e0 il tema del piede diabetico, delle sue possibilit\u00e0 di prevenzione e di trattamento delle ulcere.<\/em><\/p>\n\n\n\n<p><\/p>\n\n\n\n<div class=\"wp-block-buttons is-layout-flex wp-block-buttons-is-layout-flex\">\n<div class=\"wp-block-button\"><a class=\"wp-block-button__link wp-element-button\" href=\"https:\/\/www.podartis.com\/wp-content\/uploads\/2024\/09\/PODARTIS_flyer-convegno-piede-diabetico-1.pdf\" target=\"_blank\" rel=\"noreferrer noopener\">Scarica il programma completo<\/a><\/div>\n<\/div>\n\n\n\n<div class=\"wp-block-group is-nowrap is-layout-flex wp-container-core-group-is-layout-ad2f72ca wp-block-group-is-layout-flex\"><\/div>\n\n\n\n<h2 class=\"wp-block-heading\">Piede diabetico, il valore della medicina territoriale<\/h2>\n\n\n\n<p>Il diabete \u00e8 considerato \u201cil cancro del terzo millennio\u201d e tra le sue complicanze il <strong>piede diabetico<\/strong> \u00e8 la pi\u00f9 invalidante, prima causa di amputazioni non traumatiche e tra le prime cause di assenza prolungata dall\u2019attivit\u00e0 lavorativa: l\u2019impatto clinico e sociale del fenomeno \u00e8 elevato e merita la massima attenzione.<\/p>\n\n\n\n<p>L\u2019evento del 28 settembre, grazie alla presenza di alcuni dei maggiori esperti nazionali e internazionali, affronter\u00e0 gli aspetti legati alla prevenzione e alla cura delle ulcere. Lo sviluppo di un piede diabetico \u00e8 spesso preceduto da anni di <strong>diabete mal curato o trascurato<\/strong>. La vasculopatia periferica \u00e8 normalmente associata alla neuropatia, che toglie al paziente il campanello d\u2019allarme del dolore, favorendo le complicazioni: per questo prevenzione e screening sono importanti.<\/p>\n\n\n\n<p>Oltre il 33% dei pazienti sopra i sessant\u2019anni che ogni giorno consultano i medici di famiglia \u00e8 diabetico e, a causa della comorbidit\u00e0, pu\u00f2 sviluppare un\u2019ulcera: il convegno di Treviso mira a sensibilizzare professionisti e caregiver, al fine di creare un circolo virtuoso tra territorio e ospedale.<\/p>\n\n\n\n<p>Riconoscere e controllare i fattori di rischio alla base del piede diabetico permette di trattare adeguatamente una condizione che pu\u00f2 rivelarsi grave e invalidante. La collaborazione tra <strong>medici di base<\/strong> e <strong>specialisti<\/strong> di settore (come diabetologi, ortopedici, fisiatri, fisioterapisti, podologi e tecnici ortopedici), permette di condividere informazione e possibilit\u00e0 di trattamento, di promuovere la prevenzione attraverso uno <strong>stile di vita adeguato<\/strong> e un\u2019<strong>attivit\u00e0 fisica adattata e protetta<\/strong>, con scarpe, plantari e calze pensate appositamente per le problematiche del piede diabetico.<\/p>\n\n\n\n<p>La sinergia tra gli attori coinvolti nella prevenzione e nel trattamento realizza un progetto di <strong>medicina territoriale<\/strong> capace di migliorare la qualit\u00e0 e le aspettative di vita dei pazienti.<\/p>\n\n\n\n<p><\/p>\n\n\n\n<p><\/p>\n\n\n\n<div class=\"wp-block-buttons is-layout-flex wp-block-buttons-is-layout-flex\">\n<div class=\"wp-block-button\"><a class=\"wp-block-button__link wp-element-button\" href=\"https:\/\/tom.aulss2.veneto.it\/tom_trevigiana\/login.html\" target=\"_blank\" rel=\"noreferrer noopener nofollow\">Iscriviti all&#8217;evento<\/a><\/div>\n\n\n\n<div class=\"wp-block-button\"><a class=\"wp-block-button__link wp-element-button\" href=\"https:\/\/www.podartis.com\/catalogo\/?pat=piede-diabetico\">Scopri la linea Podartis per il piede diabetico<\/a><\/div>\n<\/div>\n\n\n\n<div class=\"wp-block-buttons is-layout-flex wp-block-buttons-is-layout-flex\"><\/div>\n\n\n\n<p><\/p>\n\n\n\n<p><\/p>\n\n\n\n<figure class=\"wp-block-image size-large\"><img fetchpriority=\"high\" decoding=\"async\" width=\"1024\" height=\"576\" src=\"https:\/\/www.podartis.com\/wp-content\/uploads\/2024\/09\/Podartis-Evento-Piede-Diabetico-1024x576.jpg\" alt=\"\" class=\"wp-image-1321813\" srcset=\"https:\/\/www.podartis.com\/wp-content\/uploads\/2024\/09\/Podartis-Evento-Piede-Diabetico-1024x576.jpg 1024w, https:\/\/www.podartis.com\/wp-content\/uploads\/2024\/09\/Podartis-Evento-Piede-Diabetico-300x169.jpg 300w, https:\/\/www.podartis.com\/wp-content\/uploads\/2024\/09\/Podartis-Evento-Piede-Diabetico-768x432.jpg 768w, https:\/\/www.podartis.com\/wp-content\/uploads\/2024\/09\/Podartis-Evento-Piede-Diabetico-400x225.jpg 400w, https:\/\/www.podartis.com\/wp-content\/uploads\/2024\/09\/Podartis-Evento-Piede-Diabetico-512x288.jpg 512w, https:\/\/www.podartis.com\/wp-content\/uploads\/2024\/09\/Podartis-Evento-Piede-Diabetico-896x504.jpg 896w, https:\/\/www.podartis.com\/wp-content\/uploads\/2024\/09\/Podartis-Evento-Piede-Diabetico-800x450.jpg 800w, https:\/\/www.podartis.com\/wp-content\/uploads\/2024\/09\/Podartis-Evento-Piede-Diabetico-200x113.jpg 200w, https:\/\/www.podartis.com\/wp-content\/uploads\/2024\/09\/Podartis-Evento-Piede-Diabetico.jpg 1088w\" sizes=\"(max-width: 1024px) 100vw, 1024px\" \/><\/figure>\n\n\n\n<p><\/p>\n\n\n\n<p><strong>I dettagli dell\u2019evento<\/strong><\/p>\n\n\n\n<p><strong>Data<\/strong>: sabato 28 settembre 2024.<\/p>\n\n\n\n<p><strong>Location<\/strong>: BHR Treviso Hotel &#8211; Via Postumia Castellana, 2 &#8211; 31055 Quinto di Treviso TV.<\/p>\n\n\n\n<p><strong>Responsabili scientifici<\/strong>: Dr.ssa Laura Nollino, Dott. Roberto Da Ros, Dr.ssa Maria Sambataro, Dr. Camillo Buratto.<\/p>\n\n\n\n<p><strong>Comitato scientifico<\/strong>: Dr.ssa Laura Nollino, Dr.ssa Maria Sambataro, Dr. Roberto Da Ros, Dr. Camillo Buratto<\/p>\n\n\n\n<p><\/p>\n\n\n\n<p><strong>Moderatori<\/strong>: DOTT.SSA LAURA NOLLINO (Direttrice f.f. UOC Malattie Endocrine Ricambio e Nutrizione AULSS2 Marca Trevigiana), PROF. ROBERTO ANICHINI (Dir. Diabetic Foot Unit Area Pistoiese Vpres. D-Foot International), DR.SSA ILARIA BARCATI (Segretario MMG Treviso), PROF. MARCO MELONI (Ref. Unit\u00e0 del Piede Diabetico dell\u2019Azienda Uni. Tor Vergata Roma).<\/p>\n\n\n\n<p><\/p>\n\n\n\n<p><strong>Relatori<\/strong>: PROF. LUIGI UCCIOLI (Dir. UOC Endocrinologia e Diabetologia Roma), DR. LUCA VACCARIO (MMG &#8211; FIMMG Treviso), PROF. JOS\u00c9 LUIS L\u00c1ZARO-MART\u00cdNEZ (Dir. Gruppo Piede Diabetico EWMA. Uni Complutense Madrid), DR. CESARE MIRANDA (Coordinatore Nazionale Gruppo Piede Diabetico SID AMD), PROF. MARCELLO RATTAZZI (Dir. UOC Medicina 1 AULSS2 Treviso Marca Trevigiana, Prof. Unipd Padova), DR.SSA MARIA SAMBATARO (Resp. UOS Gestione Paziente complesso Malattie Endocrine Ricambio Nutrizione AULSS2 Marca Trevigiana), PROF. MAURO GARGIULO (Dir. Chirurgia Vascolare Sant\u2019Orsola Malpighi Bologna), PROF. CARLO CARAVAGGI (U.OC Multimedica Milano), DR. ROBERTO DA ROS (Dir. S.C. Diabete e Centro Riferimento Piede Diabetico, Azienda Sanitaria Universitaria Giuliano-Isontina), DR. GIANPIETRO BONIVENTO (Dir. Fisiatria Riabilitazione Conegliano-Vittorio Veneto AULSS2 Marca Trevigiana), DR. DANIELE SIMONETTI (Podologo presso Centro Piede Diabetico IRCCS Multimedica Milano), DR. MASSIMO TULIPANI (Maestro tecnico ortopedico), DR. ENRICO BROCCO (Resp. UOC Diabetologia Piede Diabetico IRCCS Multimedica Sesto San Giovanni), DR. GIACOMO CLERICI (Medico Chirurgo e Consulente senior in chirurgia del piede diabetico Policlinico Abano Terme e Policlinico Sassari), DR.SSA DANIELA PIZZOLATO (FAND Associazione Diabetici Treviso), PROF. ALFREDO DE ROSA (AMARV Regione Veneto).<\/p>\n\n\n\n<pre class=\"wp-block-code\"><code><\/code><\/pre>\n","protected":false},"excerpt":{"rendered":"<p>Il 28 settembre 2024, un convegno organizzato dalla USSL 2 Marca Trevigiana, con la consulenza scientifica di Podartis e la partecipazione di alcuni dei pi\u00f9 importanti specialisti italiani e internazionali, approfondir\u00e0 il tema del piede diabetico, delle sue possibilit\u00e0 di prevenzione e di trattamento delle ulcere. Piede diabetico, il valore della medicina territoriale Il diabete [&hellip;]<\/p>\n","protected":false},"featured_media":0,"menu_order":0,"template":"","format":"standard","news_cat":[],"class_list":["post-1321797","news","type-news","status-publish","format-standard","hentry"],"acf":[],"_links":{"self":[{"href":"https:\/\/www.podartis.com\/en\/wp-json\/wp\/v2\/news\/1321797","targetHints":{"allow":["GET"]}}],"collection":[{"href":"https:\/\/www.podartis.com\/en\/wp-json\/wp\/v2\/news"}],"about":[{"href":"https:\/\/www.podartis.com\/en\/wp-json\/wp\/v2\/types\/news"}],"version-history":[{"count":9,"href":"https:\/\/www.podartis.com\/en\/wp-json\/wp\/v2\/news\/1321797\/revisions"}],"predecessor-version":[{"id":1321918,"href":"https:\/\/www.podartis.com\/en\/wp-json\/wp\/v2\/news\/1321797\/revisions\/1321918"}],"wp:attachment":[{"href":"https:\/\/www.podartis.com\/en\/wp-json\/wp\/v2\/media?parent=1321797"}],"wp:term":[{"taxonomy":"news_cat","embeddable":true,"href":"https:\/\/www.podartis.com\/en\/wp-json\/wp\/v2\/news_cat?post=1321797"}],"curies":[{"name":"wp","href":"https:\/\/api.w.org\/{rel}","templated":true}]}}