{"id":5993,"date":"2022-01-19T11:56:24","date_gmt":"2022-01-19T10:56:24","guid":{"rendered":"https:\/\/www.podartis.com\/?post_type=news&#038;p=5993"},"modified":"2022-01-19T12:52:06","modified_gmt":"2022-01-19T11:52:06","slug":"podartis-felice-di-promuovere-il-webinar-di-presentazione-del-master-rehabtech-del-politecnico-di-milano-15-luglio-ore-18-00","status":"publish","type":"news","link":"https:\/\/www.podartis.com\/en\/news\/podartis-felice-di-promuovere-il-webinar-di-presentazione-del-master-rehabtech-del-politecnico-di-milano-15-luglio-ore-18-00\/","title":{"rendered":"9 luglio: Webinar sulla riabilitazione al cammino nel paziente neurologico"},"content":{"rendered":"\n<h3 class=\"has-text-align-center wp-block-heading\">IL CAMMINO: GOLD STANDARD DELL\u2019ATTIVIT\u00c0 MOTORIA<\/h3>\n\n\n\n<h2 class=\"has-text-align-center wp-block-heading\" style=\"margin-top:0;\"><strong>La riabilitazione al cammino del paziente neurologico<\/strong><\/h2>\n\n\n\n<h4 class=\"has-text-align-center wp-block-heading\">IN DIRETTA gioved\u00ec 9 LUGLIO \u2013 Dalle 17:30 alle 19:15<\/h4>\n\n\n\n<div style=\"height:10px\" aria-hidden=\"true\" class=\"wp-block-spacer\"><\/div>\n\n\n\n<p>Nella sindrome del motoneurone superiore (UMNS) le disfunzioni correlate al controllo della deambulazione assumono una multiforme espressione di gravit\u00e0&nbsp;variabile. A fronte del sistema complesso che presiede al controllo del cammino la medicina riabilitativa ha a disposizione modalit\u00e0 altrettanto complesse di&nbsp;valutazione e di personalizzazione del trattamento integrato in termini di esercizio, ortesi, calzature, terapia farmacologica, soluzioni chirurgiche.<\/p>\n\n\n\n<p>Variabilit\u00e0 clinica, opportunit\u00e0 offerte dalla plasticit\u00e0 adattativa del sistema neuromuscolare, necessit\u00e0 di evitare soluzioni che inducano una plasticit\u00e0&nbsp;maladattativa, personalizzazione del percorso riabilitativo devono trovare quindi una sintesi nella pratica clinica quotidiana, supportata da un razionale&nbsp;scientifico in continua evoluzione, premessa indispensabile per un approccio operativo che offra costantemente le migliori soluzioni possibili.<\/p>\n\n\n\n<h3 class=\"wp-block-heading\"><strong>RELAZIONI<\/strong><\/h3>\n\n\n\n<ul class=\"wp-block-list\"><li><strong>Dr. Franco Molteni<\/strong> &#8211; Indicatori cinematici clinico strumentali del pattern di deambulazione<\/li><li><strong>Dr. Francesco Negrini<\/strong> &#8211; Gli accelerometri per la valutazione del cammino dell\u2019emiplegico<\/li><li><strong>Dr. Camillo Buratto<\/strong> &#8211; Analisi tecnica delle calzature per il paziente neurologico<\/li><li><strong>Ing. Eleonora Guanziroli<\/strong> &#8211; Modificazioni del pattern di deambulazione nel paziente post stroke correlate a tipologia delle calzature<\/li><\/ul>\n\n\n\n<h3 class=\"wp-block-heading\"><strong>CASI CLINICI<\/strong><\/h3>\n\n\n\n<ul class=\"wp-block-list\"><li><strong>Prof. Andrea Santamato<\/strong> &#8211; Modificazioni della deambulazione pre-post trattamento spasticit\u00e0 focale arto inferiore post stroke<\/li><li><strong>Dr. Luciano Bissolotti<\/strong> &#8211; Modificazioni del pattern di deambulazione nel M. di Parkinson: il ruolo delle ortesi di tronco<\/li><li><strong>Dr. Giulio Gasperini<\/strong> &#8211; Modificazioni del pattern di deambulazione pre -post chirurgia funzionale Dr. Giulio Gasperini<\/li><\/ul>\n\n\n\n<p><strong>Presidente<\/strong>: Dr. Franco Molteni<\/p>\n\n\n\n<div style=\"height:20px\" aria-hidden=\"true\" class=\"wp-block-spacer\"><\/div>\n\n\n\n<div class=\"wp-block-buttons is-content-justification-center is-layout-flex wp-block-buttons-is-layout-flex\">\n<div class=\"wp-block-button\"><a class=\"wp-block-button__link\" href=\"https:\/\/us02web.zoom.us\/webinar\/register\/8215937935804\/WN_m_LHKSosRUKGgDPC-8zRjQ\" target=\"_blank\" rel=\"noreferrer noopener nofollow\">Iscriviti subito<\/a><\/div>\n\n\n\n<div class=\"wp-block-button\"><a class=\"wp-block-button__link\" href=\"https:\/\/drive.google.com\/drive\/folders\/1qp62kHOMFJlzeYxGTsy32yeCcp_xcZtK\" target=\"_blank\" rel=\"noreferrer noopener nofollow\">Scarica il programma<\/a><\/div>\n<\/div>\n","protected":false},"excerpt":{"rendered":"<p>Dalle 17.30 saremo in diretta per parlare dell\u2019approccio operativo migliore per la riabilitazione al cammino nel paziente neurologico<\/p>\n","protected":false},"featured_media":5841,"menu_order":0,"template":"","format":"standard","news_cat":[32],"class_list":["post-5993","news","type-news","status-publish","format-standard","has-post-thumbnail","hentry","news_cat-eventi"],"acf":[],"_links":{"self":[{"href":"https:\/\/www.podartis.com\/en\/wp-json\/wp\/v2\/news\/5993","targetHints":{"allow":["GET"]}}],"collection":[{"href":"https:\/\/www.podartis.com\/en\/wp-json\/wp\/v2\/news"}],"about":[{"href":"https:\/\/www.podartis.com\/en\/wp-json\/wp\/v2\/types\/news"}],"version-history":[{"count":3,"href":"https:\/\/www.podartis.com\/en\/wp-json\/wp\/v2\/news\/5993\/revisions"}],"predecessor-version":[{"id":6062,"href":"https:\/\/www.podartis.com\/en\/wp-json\/wp\/v2\/news\/5993\/revisions\/6062"}],"wp:featuredmedia":[{"embeddable":true,"href":"https:\/\/www.podartis.com\/en\/wp-json\/wp\/v2\/media\/5841"}],"wp:attachment":[{"href":"https:\/\/www.podartis.com\/en\/wp-json\/wp\/v2\/media?parent=5993"}],"wp:term":[{"taxonomy":"news_cat","embeddable":true,"href":"https:\/\/www.podartis.com\/en\/wp-json\/wp\/v2\/news_cat?post=5993"}],"curies":[{"name":"wp","href":"https:\/\/api.w.org\/{rel}","templated":true}]}}