{"id":6017,"date":"2022-01-19T12:22:01","date_gmt":"2022-01-19T11:22:01","guid":{"rendered":"https:\/\/www.podartis.com\/?post_type=news&#038;p=6017"},"modified":"2022-01-19T12:22:47","modified_gmt":"2022-01-19T11:22:47","slug":"giornata-mondiale-delle-malattie-reumatiche-2020","status":"publish","type":"news","link":"https:\/\/www.podartis.com\/en\/news\/giornata-mondiale-delle-malattie-reumatiche-2020\/","title":{"rendered":"Giornata mondiale delle malattie reumatiche 2020"},"content":{"rendered":"\n<p><\/p>\n\n\n\n<figure class=\"wp-block-embed is-type-video is-provider-youtube wp-block-embed-youtube wp-embed-aspect-16-9 wp-has-aspect-ratio\"><div class=\"wp-block-embed__wrapper\">\n<iframe title=\"Giornata mondiale delle malattie reumatiche - Il contributo di Podartis\" width=\"500\" height=\"281\" src=\"https:\/\/www.youtube.com\/embed\/962BdUZOOrQ?feature=oembed\" frameborder=\"0\" allow=\"accelerometer; autoplay; clipboard-write; encrypted-media; gyroscope; picture-in-picture; web-share\" referrerpolicy=\"strict-origin-when-cross-origin\" allowfullscreen><\/iframe>\n<\/div><\/figure>\n\n\n\n<h2 class=\"wp-block-heading\">Introduzione del Dr. Camillo Buratto<\/h2>\n\n\n\n<p>Oggi, 13 ottobre si celebra la giornata mondiale delle malattie reumatiche, che solo&nbsp;<strong>in Italia affliggono pi\u00f9 di 6 milioni di persone<\/strong>, delle quali 700 mila in maniera grave.<\/p>\n\n\n\n<p>Da oltre 20 anni&nbsp;<strong>Podartis studia soluzioni<\/strong>&nbsp;per la cura e il benessere di tutti coloro che soffrono a causa del piede reumatico. Abbiamo infatti testato e&nbsp;<strong>sviluppato materiali unici<\/strong>&nbsp;che, applicati alle nostre calzature, permettono di&nbsp;<strong>modellarsi alle deformit\u00e0 del piede<\/strong>, eliminando cosi i dolorosi sfregamenti causati dalle scarpe normali.<\/p>\n\n\n\n<p>L\u2019impegno di Podartis non si \u00e8 limitato alla realizzazione di prodotti per migliorare la qualit\u00e0 di vita di chi soffre di problematiche reumatiche, ma si \u00e8 concretizzato in maniera tangibile nell\u2019adoperarsi affinch\u00e9 questa patologia trovi la giusta attenzione presso la politica e l\u2019opinione pubblica.<\/p>\n\n\n\n<p>Sono molteplici infatti le&nbsp;<strong>partnership<\/strong>&nbsp;che vedono coinvolta Podartis insieme ad associazioni quali&nbsp;<strong>SIMFER&nbsp;<\/strong>ed<strong>&nbsp;ANMAR<\/strong>.<\/p>\n\n\n\n<h2 class=\"wp-block-heading\">Prof. Alfredo De Rosa<\/h2>\n\n\n\n<p>In tutti i cinque continenti si celebra oggi la giornata mondiale del malato reumatico, una patologia che affligge nel mondo milioni e milioni di persone.<\/p>\n\n\n\n<p>Parlando della nostra realt\u00e0,&nbsp;<strong>nel Veneto i pazienti affetti da patologie reumatiche sono arrivati al 18.2%<\/strong>, vale a dire che su cinque milioni di abitanti della regione veneta, ne sono affetti quasi un milione, un dato molto preoccupante. Spesso questa patologia viene sottostimata, visto che l\u201985% dei pazienti si rivolge allo specialista reumatologo solo quando i sintomi sono gi\u00e0 comparsi da diverso tempo.&nbsp;<\/p>\n\n\n\n<p>Le&nbsp;<strong>patologie reumatiche sono circa 154<\/strong>, si inizia dall\u2019artrosi per finire ad altre malattie satelliti che appartengono sempre a questa debilitante malattia. Noi in questo periodo stiamo lavorando moltissimo per l\u2019informazione e per la formazione.<\/p>\n\n\n\n<p>Una cosa importante \u00e8 la collaborazione che abbiamo con&nbsp;<strong>moltissime strutture sanitarie<\/strong>, in modo particolare con la ULSS 9 Marca Trevigiana&nbsp;<strong>e con Podartis<\/strong>&nbsp;di Crocetta del Montello diretta dal Dr. Camillo Buratto, con cui&nbsp;<strong>da circa 11 anni<\/strong>&nbsp;e mezzo collaboriamo intensamente sul piede reumatico in quanto \u00e8 una delle parti del corpo che viene colpita dalla patologia insieme alle mani. Si \u00e8 fatto molto con Podartis, in modo particolare per un convegno di rilievo internazionale il 5 ottobre di due anni fa e un altro recente il 2 ottobre dove sono state messi in luce tutte le criticit\u00e0 della patologia.<\/p>\n\n\n\n<p>Da questa malattia purtroppo non si guarisce, per\u00f2&nbsp;<strong>attraverso una scarpa<\/strong>&nbsp;dedicata come quella&nbsp;<strong>Podartis<\/strong>, che si modella alle deformit\u00e0 dell\u2019articolazione,&nbsp;<strong>si pu\u00f2<\/strong>&nbsp;camminare in maniera pi\u00f9 delicata e quindi&nbsp;<strong>migliorare la qualit\u00e0 della vita<\/strong>.<\/p>\n\n\n\n<p>Il nostro obiettivo \u00e8 proprio, assieme a Podartis, quello di dare la possibilit\u00e0 al paziente di&nbsp;<strong>migliorare la sua qualit\u00e0 della vita<\/strong>.<\/p>\n\n\n\n<div style=\"height:20px\" aria-hidden=\"true\" class=\"wp-block-spacer\"><\/div>\n\n\n\n<div class=\"wp-block-buttons is-content-justification-center is-layout-flex wp-block-buttons-is-layout-flex\">\n<div class=\"wp-block-button\"><a class=\"wp-block-button__link\" href=\"https:\/\/www.podartis.com\/it\/patologie\/piede-reumatico\/\">Scopri le soluzioni Podartis per il piede reumatico<\/a><\/div>\n<\/div>\n","protected":false},"excerpt":{"rendered":"<p>Il 13 ottobre si celebra la giornata mondiale delle malattie reumatiche, che solo in Italia affliggono pi\u00f9 di 6 milioni di persone. Podartis da sempre studia e sviluppa soluzioni per migliorare la vita a tutti coloro che soffrono di tale condizione<\/p>\n","protected":false},"featured_media":6026,"menu_order":0,"template":"","format":"standard","news_cat":[46],"class_list":["post-6017","news","type-news","status-publish","format-standard","has-post-thumbnail","hentry","news_cat-studi-ricerche-ed-innovazioni"],"acf":[],"_links":{"self":[{"href":"https:\/\/www.podartis.com\/en\/wp-json\/wp\/v2\/news\/6017","targetHints":{"allow":["GET"]}}],"collection":[{"href":"https:\/\/www.podartis.com\/en\/wp-json\/wp\/v2\/news"}],"about":[{"href":"https:\/\/www.podartis.com\/en\/wp-json\/wp\/v2\/types\/news"}],"version-history":[{"count":2,"href":"https:\/\/www.podartis.com\/en\/wp-json\/wp\/v2\/news\/6017\/revisions"}],"predecessor-version":[{"id":6030,"href":"https:\/\/www.podartis.com\/en\/wp-json\/wp\/v2\/news\/6017\/revisions\/6030"}],"wp:featuredmedia":[{"embeddable":true,"href":"https:\/\/www.podartis.com\/en\/wp-json\/wp\/v2\/media\/6026"}],"wp:attachment":[{"href":"https:\/\/www.podartis.com\/en\/wp-json\/wp\/v2\/media?parent=6017"}],"wp:term":[{"taxonomy":"news_cat","embeddable":true,"href":"https:\/\/www.podartis.com\/en\/wp-json\/wp\/v2\/news_cat?post=6017"}],"curies":[{"name":"wp","href":"https:\/\/api.w.org\/{rel}","templated":true}]}}